{"id":4775,"date":"2021-04-29T21:44:40","date_gmt":"2021-04-29T21:44:40","guid":{"rendered":"http:\/\/munipalencia.gob.gt\/?p=4775"},"modified":"2021-04-29T21:49:35","modified_gmt":"2021-04-29T21:49:35","slug":"nuevo-convoy-y-vehiculos-municipales","status":"publish","type":"post","link":"http:\/\/munipalencia.gob.gt\/index.php\/2021\/04\/29\/nuevo-convoy-y-vehiculos-municipales\/","title":{"rendered":"Nuevo convoy y veh\u00edculos municipales"},"content":{"rendered":"\t\t<div data-elementor-type=\"wp-post\" data-elementor-id=\"4775\" class=\"elementor elementor-4775\">\n\t\t\t\t\t\t<div class=\"elementor-inner\">\n\t\t\t\t<div class=\"elementor-section-wrap\">\n\t\t\t\t\t\t\t\t\t<section class=\"elementor-section elementor-top-section elementor-element elementor-element-5f9c elementor-section-boxed elementor-section-height-default elementor-section-height-default\" data-id=\"5f9c\" data-element_type=\"section\">\n\t\t\t\t\t\t<div class=\"elementor-container elementor-column-gap-default\">\n\t\t\t\t\t\t\t<div class=\"elementor-row\">\n\t\t\t\t\t<div class=\"elementor-column elementor-col-100 elementor-top-column elementor-element elementor-element-44eb\" data-id=\"44eb\" data-element_type=\"column\">\n\t\t\t<div class=\"elementor-column-wrap elementor-element-populated\">\n\t\t\t\t\t\t\t<div class=\"elementor-widget-wrap\">\n\t\t\t\t\t\t<div class=\"elementor-element elementor-element-36db elementor-widget elementor-widget-text-editor\" data-id=\"36db\" data-element_type=\"widget\" data-widget_type=\"text-editor.default\">\n\t\t\t\t<div class=\"elementor-widget-container\">\n\t\t\t\t\t\t\t\t<div class=\"elementor-text-editor elementor-clearfix\">\n\t\t\t\t<!-- wp:paragraph -->\n<p>Este martes en un acto trascendental para el progreso del Municipio, el Alcalde y Concejo Municipal presentaron un nuevo convoy y veh\u00edculos municipales, los cuales se integran a la flotilla existente para apoyar a nuestros vecinos palencianos y ofrecerles una mejor atenci\u00f3n, as\u00ed como fortalecer el mantenimiento y pavimentaci\u00f3n de las carreteras.<\/p>\n<!-- \/wp:paragraph -->\n\n<!-- wp:paragraph -->\n<p>Se realiz\u00f3 la compra de: 1 retroexcavadora, 1 motoniveladora, 1 hormigonera, 1 rodo, 2 camiones de volteo, 2 camiones tipo cisterna, 1 cami\u00f3n con palangana, 1 cami\u00f3n con furg\u00f3n, 4 pick-ups, 1 microb\u00fas y 3 motocicletas, con esta adquisici\u00f3n, se hace reflejo del buen uso de los recursos y transparencia por parte de la Administraci\u00f3n Municipal. Con todo este equipo reafirmamos nuestro compromiso para seguir construyendo y transformando una mejor Palencia, porque&nbsp;<a href=\"https:\/\/es-la.facebook.com\/hashtag\/somosdesarrollo?__eep__=6&amp;source=feed_text&amp;epa=HASHTAG&amp;__xts__%5B0%5D=68.ARB5arcWdbio4kHkQDAiAeL9dc9_S98ZoMHDnlU95t0bWA8O5erY_DBOEb-Ggc9d75_6_XOZMFzPD3EcxgyjvHtYjjazQxWcKZ3BuOd3u4QGdpxEKRopjOaI2OodO8ErnWIQLMN2Qln-N9Uo9S5fTGdqrSU_E477ShCjdKz25V7c7JT9r8lhqfNla4eOdJlNv6sRFSVITaYMeV1_Yq3ACyxFvXJWgPPjI7S_IXUvREwUMKlI9EWy8bYKYtosHUVzZfQ2qPtodQQQB5kCkL2ArchspP_APi-ZgY6uBmpPy-w7qUz0CXkOoA&amp;__tn__=%2ANK-R\">#SomosDesarrollo<\/a>.<br><a href=\"https:\/\/es-la.facebook.com\/hashtag\/munipalencia?__eep__=6&amp;source=feed_text&amp;epa=HASHTAG&amp;__xts__%5B0%5D=68.ARB5arcWdbio4kHkQDAiAeL9dc9_S98ZoMHDnlU95t0bWA8O5erY_DBOEb-Ggc9d75_6_XOZMFzPD3EcxgyjvHtYjjazQxWcKZ3BuOd3u4QGdpxEKRopjOaI2OodO8ErnWIQLMN2Qln-N9Uo9S5fTGdqrSU_E477ShCjdKz25V7c7JT9r8lhqfNla4eOdJlNv6sRFSVITaYMeV1_Yq3ACyxFvXJWgPPjI7S_IXUvREwUMKlI9EWy8bYKYtosHUVzZfQ2qPtodQQQB5kCkL2ArchspP_APi-ZgY6uBmpPy-w7qUz0CXkOoA&amp;__tn__=%2ANK-R\">#MuniPalencia<\/a>&nbsp;<a href=\"https:\/\/es-la.facebook.com\/hashtag\/nuevaera?__eep__=6&amp;source=feed_text&amp;epa=HASHTAG&amp;__xts__%5B0%5D=68.ARB5arcWdbio4kHkQDAiAeL9dc9_S98ZoMHDnlU95t0bWA8O5erY_DBOEb-Ggc9d75_6_XOZMFzPD3EcxgyjvHtYjjazQxWcKZ3BuOd3u4QGdpxEKRopjOaI2OodO8ErnWIQLMN2Qln-N9Uo9S5fTGdqrSU_E477ShCjdKz25V7c7JT9r8lhqfNla4eOdJlNv6sRFSVITaYMeV1_Yq3ACyxFvXJWgPPjI7S_IXUvREwUMKlI9EWy8bYKYtosHUVzZfQ2qPtodQQQB5kCkL2ArchspP_APi-ZgY6uBmpPy-w7qUz0CXkOoA&amp;__tn__=%2ANK-R\">#NuevaEra<\/a><\/p>\n<!-- \/wp:paragraph -->\t\t\t\t\t<\/div>\n\t\t\t\t\t\t<\/div>\n\t\t\t\t<\/div>\n\t\t\t\t\t\t<\/div>\n\t\t\t\t\t<\/div>\n\t\t<\/div>\n\t\t\t\t\t\t\t\t<\/div>\n\t\t\t\t\t<\/div>\n\t\t<\/section>\n\t\t\t\t<section class=\"elementor-section elementor-top-section elementor-element elementor-element-95d15a8 elementor-section-boxed elementor-section-height-default elementor-section-height-default\" data-id=\"95d15a8\" data-element_type=\"section\">\n\t\t\t\t\t\t<div class=\"elementor-container elementor-column-gap-default\">\n\t\t\t\t\t\t\t<div class=\"elementor-row\">\n\t\t\t\t\t<div class=\"elementor-column elementor-col-100 elementor-top-column elementor-element elementor-element-15ca2b3\" data-id=\"15ca2b3\" data-element_type=\"column\">\n\t\t\t<div class=\"elementor-column-wrap elementor-element-populated\">\n\t\t\t\t\t\t\t<div class=\"elementor-widget-wrap\">\n\t\t\t\t\t\t<div class=\"elementor-element elementor-element-4787658 elementor-arrows-position-inside elementor-widget elementor-widget-image-carousel\" data-id=\"4787658\" data-element_type=\"widget\" data-settings=\"{&quot;slides_to_show&quot;:&quot;1&quot;,&quot;navigation&quot;:&quot;arrows&quot;,&quot;autoplay&quot;:&quot;yes&quot;,&quot;pause_on_hover&quot;:&quot;yes&quot;,&quot;pause_on_interaction&quot;:&quot;yes&quot;,&quot;autoplay_speed&quot;:5000,&quot;infinite&quot;:&quot;yes&quot;,&quot;effect&quot;:&quot;slide&quot;,&quot;speed&quot;:500}\" data-widget_type=\"image-carousel.default\">\n\t\t\t\t<div class=\"elementor-widget-container\">\n\t\t\t\t\t<div class=\"elementor-image-carousel-wrapper swiper-container\" dir=\"ltr\">\n\t\t\t<div class=\"elementor-image-carousel swiper-wrapper\">\n\t\t\t\t\t\t\t\t<div class=\"swiper-slide\"><figure class=\"swiper-slide-inner\"><img class=\"swiper-slide-image\" src=\"http:\/\/munipalencia.gob.gt\/wp-content\/uploads\/2021\/04\/174618365_3822941301117739_7106778804134700505_n.jpg\" alt=\"municipalidad de palencia, palencia, administracion municipal, municipalidad,noticias\" \/><\/figure><\/div><div class=\"swiper-slide\"><figure class=\"swiper-slide-inner\"><img class=\"swiper-slide-image\" src=\"http:\/\/munipalencia.gob.gt\/wp-content\/uploads\/2021\/04\/176207311_3822943171117552_4935359139707644067_n.jpg\" alt=\"municipalidad de palencia, palencia, administracion municipal, municipalidad\" \/><\/figure><\/div><div class=\"swiper-slide\"><figure class=\"swiper-slide-inner\"><img class=\"swiper-slide-image\" src=\"http:\/\/munipalencia.gob.gt\/wp-content\/uploads\/2021\/04\/176398546_3822940934451109_3506111480240367035_n.jpg\" alt=\"municipalidad de palencia, palencia, administracion municipal, municipalidad\" \/><\/figure><\/div><div class=\"swiper-slide\"><figure class=\"swiper-slide-inner\"><img class=\"swiper-slide-image\" src=\"http:\/\/munipalencia.gob.gt\/wp-content\/uploads\/2021\/04\/178753419_3822941944451008_233836992521226625_n.jpg\" alt=\"municipalidad de palencia, palencia, administracion municipal, municipalidad\" \/><\/figure><\/div><div class=\"swiper-slide\"><figure class=\"swiper-slide-inner\"><img class=\"swiper-slide-image\" src=\"http:\/\/munipalencia.gob.gt\/wp-content\/uploads\/2021\/04\/178997965_3822943234450879_6769944708222804826_n.jpg\" alt=\"municipalidad de palencia, palencia, administracion municipal, municipalidad\" \/><\/figure><\/div><div class=\"swiper-slide\"><figure class=\"swiper-slide-inner\"><img class=\"swiper-slide-image\" src=\"http:\/\/munipalencia.gob.gt\/wp-content\/uploads\/2021\/04\/179021099_3822940847784451_9188802465191713231_n.jpg\" alt=\"municipalidad de palencia, palencia, administracion municipal, municipalidad\" \/><\/figure><\/div><div class=\"swiper-slide\"><figure class=\"swiper-slide-inner\"><img class=\"swiper-slide-image\" src=\"http:\/\/munipalencia.gob.gt\/wp-content\/uploads\/2021\/04\/179038468_3822941477784388_7380199021768303617_n.jpg\" alt=\"municipalidad de palencia, palencia, administracion municipal, municipalidad\" \/><\/figure><\/div>\t\t\t<\/div>\n\t\t\t\t\t\t\t\t\t\t\t\t\t\t\t\t<div class=\"elementor-swiper-button elementor-swiper-button-prev\">\n\t\t\t\t\t\t<i aria-hidden=\"true\" class=\"eicon-chevron-left\"><\/i>\t\t\t\t\t\t<span class=\"elementor-screen-only\">Previous<\/span>\n\t\t\t\t\t<\/div>\n\t\t\t\t\t<div class=\"elementor-swiper-button elementor-swiper-button-next\">\n\t\t\t\t\t\t<i aria-hidden=\"true\" class=\"eicon-chevron-right\"><\/i>\t\t\t\t\t\t<span class=\"elementor-screen-only\">Next<\/span>\n\t\t\t\t\t<\/div>\n\t\t\t\t\t\t\t\t\t<\/div>\n\t\t\t\t<\/div>\n\t\t\t\t<\/div>\n\t\t\t\t\t\t<\/div>\n\t\t\t\t\t<\/div>\n\t\t<\/div>\n\t\t\t\t\t\t\t\t<\/div>\n\t\t\t\t\t<\/div>\n\t\t<\/section>\n\t\t\t\t\t\t\t\t\t<\/div>\n\t\t\t<\/div>\n\t\t\t\t\t<\/div>\n\t\t ","protected":false},"excerpt":{"rendered":"<p>Este martes en un acto trascendental para el progreso del Municipio, el Alcalde y Concejo Municipal presentaron un nuevo convoy y veh\u00edculos municipales, los cuales se integran a la flotilla existente para apoyar a nuestros vecinos palencianos y ofrecerles una mejor atenci\u00f3n, as\u00ed como fortalecer el mantenimiento y pavimentaci\u00f3n de las carreteras. Se realiz\u00f3 la [&hellip;]<\/p>\n","protected":false},"author":4,"featured_media":4782,"comment_status":"closed","ping_status":"closed","sticky":false,"template":"","format":"standard","meta":[],"categories":[35,20],"tags":[],"_links":{"self":[{"href":"http:\/\/munipalencia.gob.gt\/index.php\/wp-json\/wp\/v2\/posts\/4775"}],"collection":[{"href":"http:\/\/munipalencia.gob.gt\/index.php\/wp-json\/wp\/v2\/posts"}],"about":[{"href":"http:\/\/munipalencia.gob.gt\/index.php\/wp-json\/wp\/v2\/types\/post"}],"author":[{"embeddable":true,"href":"http:\/\/munipalencia.gob.gt\/index.php\/wp-json\/wp\/v2\/users\/4"}],"replies":[{"embeddable":true,"href":"http:\/\/munipalencia.gob.gt\/index.php\/wp-json\/wp\/v2\/comments?post=4775"}],"version-history":[{"count":5,"href":"http:\/\/munipalencia.gob.gt\/index.php\/wp-json\/wp\/v2\/posts\/4775\/revisions"}],"predecessor-version":[{"id":4788,"href":"http:\/\/munipalencia.gob.gt\/index.php\/wp-json\/wp\/v2\/posts\/4775\/revisions\/4788"}],"wp:featuredmedia":[{"embeddable":true,"href":"http:\/\/munipalencia.gob.gt\/index.php\/wp-json\/wp\/v2\/media\/4782"}],"wp:attachment":[{"href":"http:\/\/munipalencia.gob.gt\/index.php\/wp-json\/wp\/v2\/media?parent=4775"}],"wp:term":[{"taxonomy":"category","embeddable":true,"href":"http:\/\/munipalencia.gob.gt\/index.php\/wp-json\/wp\/v2\/categories?post=4775"},{"taxonomy":"post_tag","embeddable":true,"href":"http:\/\/munipalencia.gob.gt\/index.php\/wp-json\/wp\/v2\/tags?post=4775"}],"curies":[{"name":"wp","href":"https:\/\/api.w.org\/{rel}","templated":true}]}}