{"id":6433,"date":"2021-07-21T18:23:09","date_gmt":"2021-07-21T18:23:09","guid":{"rendered":"http:\/\/munipalencia.gob.gt\/?p=6433"},"modified":"2021-07-21T18:25:02","modified_gmt":"2021-07-21T18:25:02","slug":"seguimiento-de-la-gestion-de-proyectos-recreativos-y-de-sano-esparcimiento","status":"publish","type":"post","link":"http:\/\/munipalencia.gob.gt\/index.php\/2021\/07\/21\/seguimiento-de-la-gestion-de-proyectos-recreativos-y-de-sano-esparcimiento\/","title":{"rendered":"Seguimiento de la gesti\u00f3n de proyectos recreativos y de sano esparcimiento"},"content":{"rendered":"\t\t<div data-elementor-type=\"wp-post\" data-elementor-id=\"6433\" class=\"elementor elementor-6433\">\n\t\t\t\t\t\t<div class=\"elementor-inner\">\n\t\t\t\t<div class=\"elementor-section-wrap\">\n\t\t\t\t\t\t\t\t\t<section class=\"elementor-section elementor-top-section elementor-element elementor-element-3b37 elementor-section-boxed elementor-section-height-default elementor-section-height-default\" data-id=\"3b37\" data-element_type=\"section\">\n\t\t\t\t\t\t<div class=\"elementor-container elementor-column-gap-default\">\n\t\t\t\t\t\t\t<div class=\"elementor-row\">\n\t\t\t\t\t<div class=\"elementor-column elementor-col-100 elementor-top-column elementor-element elementor-element-3b6f\" data-id=\"3b6f\" data-element_type=\"column\">\n\t\t\t<div class=\"elementor-column-wrap elementor-element-populated\">\n\t\t\t\t\t\t\t<div class=\"elementor-widget-wrap\">\n\t\t\t\t\t\t<div class=\"elementor-element elementor-element-19bd elementor-widget elementor-widget-text-editor\" data-id=\"19bd\" data-element_type=\"widget\" data-widget_type=\"text-editor.default\">\n\t\t\t\t<div class=\"elementor-widget-container\">\n\t\t\t\t\t\t\t\t<div class=\"elementor-text-editor elementor-clearfix\">\n\t\t\t\t<!-- wp:paragraph -->\n<p>\u00a1Palencia es bendecida gracias a las buenas gestiones!<\/p>\n<!-- \/wp:paragraph -->\n\n<!-- wp:paragraph -->\n<p>Este lunes el Se\u00f1or Alcalde Municipal sostuvo una reuni\u00f3n de trabajo junto al Ministro de Cultura y Deportes, Lic. Felipe Armando Aguilar Marroqu\u00edn, para el seguimiento de la gesti\u00f3n de proyectos recreativos y de sano esparcimiento, que ayuden a promover el desarrollo local, la convivencia familiar y la promoci\u00f3n del turismo de nuestro Municipio.&nbsp;\ud83c\udfde\ufe0f\ud83d\udc68\u200d\ud83d\udc69\u200d\ud83d\udc67<br><a href=\"https:\/\/es-la.facebook.com\/hashtag\/munipalencia?__eep__=6&amp;source=feed_text&amp;epa=HASHTAG&amp;__xts__%5B0%5D=68.ARAY4u60mggDEwOh7_i7x1LV5Yb4VOLboX77pgoRQbZJVFuKF_QY6Upir8-bTtVS5nvOyhr7aL4dK9aLar-KskkdCRJlCad-X8EboUKEhqWUxmuMh7DkfiR4B9kPb-Ov47YgeJB95oyQxJAC0zLSDmd_2-zA436PwHIfTTmkKnSeJhz9-uuZxnucW5-I8cZCrzE7EM3uhDYWHLcY9bY-6wypQs5D5UztBXqbXRd8z2QG1m31JD1RVYe5t9fGmNo5Q2YyB35tVwiyYz_vVLyuh3ih_ggaMnBZyyqAVTZfqzFxrDNBHW3iww&amp;__tn__=%2ANK-R\">#MuniPalencia<\/a>&nbsp;<a href=\"https:\/\/es-la.facebook.com\/hashtag\/somosdesarrollo?__eep__=6&amp;source=feed_text&amp;epa=HASHTAG&amp;__xts__%5B0%5D=68.ARAY4u60mggDEwOh7_i7x1LV5Yb4VOLboX77pgoRQbZJVFuKF_QY6Upir8-bTtVS5nvOyhr7aL4dK9aLar-KskkdCRJlCad-X8EboUKEhqWUxmuMh7DkfiR4B9kPb-Ov47YgeJB95oyQxJAC0zLSDmd_2-zA436PwHIfTTmkKnSeJhz9-uuZxnucW5-I8cZCrzE7EM3uhDYWHLcY9bY-6wypQs5D5UztBXqbXRd8z2QG1m31JD1RVYe5t9fGmNo5Q2YyB35tVwiyYz_vVLyuh3ih_ggaMnBZyyqAVTZfqzFxrDNBHW3iww&amp;__tn__=%2ANK-R\">#SomosDesarrollo<\/a><\/p>\n<!-- \/wp:paragraph -->\t\t\t\t\t<\/div>\n\t\t\t\t\t\t<\/div>\n\t\t\t\t<\/div>\n\t\t\t\t\t\t<\/div>\n\t\t\t\t\t<\/div>\n\t\t<\/div>\n\t\t\t\t\t\t\t\t<\/div>\n\t\t\t\t\t<\/div>\n\t\t<\/section>\n\t\t\t\t<section class=\"elementor-section elementor-top-section elementor-element elementor-element-6b46171 elementor-section-boxed elementor-section-height-default elementor-section-height-default\" data-id=\"6b46171\" data-element_type=\"section\">\n\t\t\t\t\t\t<div class=\"elementor-container elementor-column-gap-default\">\n\t\t\t\t\t\t\t<div class=\"elementor-row\">\n\t\t\t\t\t<div class=\"elementor-column elementor-col-100 elementor-top-column elementor-element elementor-element-9ad701d\" data-id=\"9ad701d\" data-element_type=\"column\">\n\t\t\t<div class=\"elementor-column-wrap elementor-element-populated\">\n\t\t\t\t\t\t\t<div class=\"elementor-widget-wrap\">\n\t\t\t\t\t\t<div class=\"elementor-element elementor-element-6dc3913 elementor-arrows-position-inside elementor-widget elementor-widget-image-carousel\" data-id=\"6dc3913\" data-element_type=\"widget\" data-settings=\"{&quot;slides_to_show&quot;:&quot;1&quot;,&quot;navigation&quot;:&quot;arrows&quot;,&quot;autoplay&quot;:&quot;yes&quot;,&quot;pause_on_hover&quot;:&quot;yes&quot;,&quot;pause_on_interaction&quot;:&quot;yes&quot;,&quot;autoplay_speed&quot;:5000,&quot;infinite&quot;:&quot;yes&quot;,&quot;effect&quot;:&quot;slide&quot;,&quot;speed&quot;:500}\" data-widget_type=\"image-carousel.default\">\n\t\t\t\t<div class=\"elementor-widget-container\">\n\t\t\t\t\t<div class=\"elementor-image-carousel-wrapper swiper-container\" dir=\"ltr\">\n\t\t\t<div class=\"elementor-image-carousel swiper-wrapper\">\n\t\t\t\t\t\t\t\t<div class=\"swiper-slide\"><figure class=\"swiper-slide-inner\"><img class=\"swiper-slide-image\" src=\"http:\/\/munipalencia.gob.gt\/wp-content\/uploads\/2021\/07\/219766565_4056130164465517_9168405093983879672_n.jpg\" alt=\"municipalidad de palencia, palencia, administracion municipal, municipalidad, beto reyes, alberto reyes, alcalde\" \/><\/figure><\/div><div class=\"swiper-slide\"><figure class=\"swiper-slide-inner\"><img class=\"swiper-slide-image\" src=\"http:\/\/munipalencia.gob.gt\/wp-content\/uploads\/2021\/07\/220424917_4056130031132197_4294240217418538603_n.jpg\" alt=\"municipalidad de palencia, palencia, administracion municipal, municipalidad, beto reyes, alberto reyes, alcalde\" \/><\/figure><\/div><div class=\"swiper-slide\"><figure class=\"swiper-slide-inner\"><img class=\"swiper-slide-image\" src=\"http:\/\/munipalencia.gob.gt\/wp-content\/uploads\/2021\/07\/220279824_4056130144465519_4685576413743198700_n.jpg\" alt=\"municipalidad de palencia, palencia, administracion municipal, municipalidad, beto reyes, alberto reyes, alcalde\" \/><\/figure><\/div><div class=\"swiper-slide\"><figure class=\"swiper-slide-inner\"><img class=\"swiper-slide-image\" src=\"http:\/\/munipalencia.gob.gt\/wp-content\/uploads\/2021\/07\/220886659_4056129974465536_544738477841685432_n.jpg\" alt=\"municipalidad de palencia, palencia, administracion municipal, municipalidad, beto reyes, alberto reyes, alcalde\" \/><\/figure><\/div>\t\t\t<\/div>\n\t\t\t\t\t\t\t\t\t\t\t\t\t\t\t\t<div class=\"elementor-swiper-button elementor-swiper-button-prev\">\n\t\t\t\t\t\t<i aria-hidden=\"true\" class=\"eicon-chevron-left\"><\/i>\t\t\t\t\t\t<span class=\"elementor-screen-only\">Previous<\/span>\n\t\t\t\t\t<\/div>\n\t\t\t\t\t<div class=\"elementor-swiper-button elementor-swiper-button-next\">\n\t\t\t\t\t\t<i aria-hidden=\"true\" class=\"eicon-chevron-right\"><\/i>\t\t\t\t\t\t<span class=\"elementor-screen-only\">Next<\/span>\n\t\t\t\t\t<\/div>\n\t\t\t\t\t\t\t\t\t<\/div>\n\t\t\t\t<\/div>\n\t\t\t\t<\/div>\n\t\t\t\t\t\t<\/div>\n\t\t\t\t\t<\/div>\n\t\t<\/div>\n\t\t\t\t\t\t\t\t<\/div>\n\t\t\t\t\t<\/div>\n\t\t<\/section>\n\t\t\t\t\t\t\t\t\t<\/div>\n\t\t\t<\/div>\n\t\t\t\t\t<\/div>\n\t\t ","protected":false},"excerpt":{"rendered":"<p>\u00a1Palencia es bendecida gracias a las buenas gestiones! Este lunes el Se\u00f1or Alcalde Municipal sostuvo una reuni\u00f3n de trabajo junto al Ministro de Cultura y Deportes, Lic. Felipe Armando Aguilar Marroqu\u00edn, para el seguimiento de la gesti\u00f3n de proyectos recreativos y de sano esparcimiento, que ayuden a promover el desarrollo local, la convivencia familiar y [&hellip;]<\/p>\n","protected":false},"author":4,"featured_media":6438,"comment_status":"closed","ping_status":"closed","sticky":false,"template":"","format":"standard","meta":[],"categories":[20],"tags":[],"_links":{"self":[{"href":"http:\/\/munipalencia.gob.gt\/index.php\/wp-json\/wp\/v2\/posts\/6433"}],"collection":[{"href":"http:\/\/munipalencia.gob.gt\/index.php\/wp-json\/wp\/v2\/posts"}],"about":[{"href":"http:\/\/munipalencia.gob.gt\/index.php\/wp-json\/wp\/v2\/types\/post"}],"author":[{"embeddable":true,"href":"http:\/\/munipalencia.gob.gt\/index.php\/wp-json\/wp\/v2\/users\/4"}],"replies":[{"embeddable":true,"href":"http:\/\/munipalencia.gob.gt\/index.php\/wp-json\/wp\/v2\/comments?post=6433"}],"version-history":[{"count":5,"href":"http:\/\/munipalencia.gob.gt\/index.php\/wp-json\/wp\/v2\/posts\/6433\/revisions"}],"predecessor-version":[{"id":6442,"href":"http:\/\/munipalencia.gob.gt\/index.php\/wp-json\/wp\/v2\/posts\/6433\/revisions\/6442"}],"wp:featuredmedia":[{"embeddable":true,"href":"http:\/\/munipalencia.gob.gt\/index.php\/wp-json\/wp\/v2\/media\/6438"}],"wp:attachment":[{"href":"http:\/\/munipalencia.gob.gt\/index.php\/wp-json\/wp\/v2\/media?parent=6433"}],"wp:term":[{"taxonomy":"category","embeddable":true,"href":"http:\/\/munipalencia.gob.gt\/index.php\/wp-json\/wp\/v2\/categories?post=6433"},{"taxonomy":"post_tag","embeddable":true,"href":"http:\/\/munipalencia.gob.gt\/index.php\/wp-json\/wp\/v2\/tags?post=6433"}],"curies":[{"name":"wp","href":"https:\/\/api.w.org\/{rel}","templated":true}]}}