{"id":6456,"date":"2021-07-21T18:31:01","date_gmt":"2021-07-21T18:31:01","guid":{"rendered":"http:\/\/munipalencia.gob.gt\/?p=6456"},"modified":"2021-07-21T18:31:05","modified_gmt":"2021-07-21T18:31:05","slug":"aldea-la-concepcion","status":"publish","type":"post","link":"http:\/\/munipalencia.gob.gt\/index.php\/2021\/07\/21\/aldea-la-concepcion\/","title":{"rendered":"Aldea La Concepci\u00f3n"},"content":{"rendered":"\n<p> Un paisaje singular desde las monta\u00f1as de Aldea La Concepci\u00f3n y que colindan con el municipio de San Jos\u00e9 P\u00ednula.<br><a href=\"https:\/\/es-la.facebook.com\/hashtag\/munipalencia?__eep__=6&amp;source=feed_text&amp;epa=HASHTAG&amp;__xts__%5B0%5D=68.ARAMsRRgFvClAOE91yMkEUjNqFW_LfIYeVjZFe53Cmif9J7WvRSh900-q0O4ecw67rVvOK4x2pMff8AlzSk0zPdRTr5kAFrXfV5hLqJrt2h8JIKl9KCK7Tq3lJ8A8doltbqThr0S4F3hd6W26AGC266kIvKCYvfrdwitJuTCQyItMIeE509mmIqSXqCKwHOHeq5lJCPUQ1-eHAvuZb4TGI5p0u2D7Q7NkfTj_d_7MVJ5gEV0M9sZnxkjYRwpC8X3CYzpRirVdNjI17welavpPf3ymRRY6H_Ar3TXGG4t7lPrgYD4ez66iA&amp;__tn__=%2ANK-R\">#MuniPalencia<\/a>\u00a0<a href=\"https:\/\/es-la.facebook.com\/hashtag\/palenciaesas%C3%AD?__eep__=6&amp;source=feed_text&amp;epa=HASHTAG&amp;__xts__%5B0%5D=68.ARAMsRRgFvClAOE91yMkEUjNqFW_LfIYeVjZFe53Cmif9J7WvRSh900-q0O4ecw67rVvOK4x2pMff8AlzSk0zPdRTr5kAFrXfV5hLqJrt2h8JIKl9KCK7Tq3lJ8A8doltbqThr0S4F3hd6W26AGC266kIvKCYvfrdwitJuTCQyItMIeE509mmIqSXqCKwHOHeq5lJCPUQ1-eHAvuZb4TGI5p0u2D7Q7NkfTj_d_7MVJ5gEV0M9sZnxkjYRwpC8X3CYzpRirVdNjI17welavpPf3ymRRY6H_Ar3TXGG4t7lPrgYD4ez66iA&amp;__tn__=%2ANK-R\">#PalenciaEsAs\u00ed<\/a> <\/p>\n\n\n\n<figure class=\"wp-block-image size-large\"><img loading=\"lazy\" width=\"960\" height=\"960\" src=\"http:\/\/munipalencia.gob.gt\/wp-content\/uploads\/2021\/07\/220958285_4058762767535590_8407443047116047846_n.jpg\" alt=\"\" class=\"wp-image-6457\" srcset=\"http:\/\/munipalencia.gob.gt\/wp-content\/uploads\/2021\/07\/220958285_4058762767535590_8407443047116047846_n.jpg 960w, http:\/\/munipalencia.gob.gt\/wp-content\/uploads\/2021\/07\/220958285_4058762767535590_8407443047116047846_n-300x300.jpg 300w, http:\/\/munipalencia.gob.gt\/wp-content\/uploads\/2021\/07\/220958285_4058762767535590_8407443047116047846_n-150x150.jpg 150w, http:\/\/munipalencia.gob.gt\/wp-content\/uploads\/2021\/07\/220958285_4058762767535590_8407443047116047846_n-768x768.jpg 768w\" sizes=\"(max-width: 960px) 100vw, 960px\" \/><\/figure>\n ","protected":false},"excerpt":{"rendered":"<p>Un paisaje singular desde las monta\u00f1as de Aldea La Concepci\u00f3n y que colindan con el municipio de San Jos\u00e9 P\u00ednula.#MuniPalencia\u00a0#PalenciaEsAs\u00ed<\/p>\n","protected":false},"author":4,"featured_media":6457,"comment_status":"closed","ping_status":"closed","sticky":false,"template":"","format":"standard","meta":[],"categories":[20],"tags":[],"_links":{"self":[{"href":"http:\/\/munipalencia.gob.gt\/index.php\/wp-json\/wp\/v2\/posts\/6456"}],"collection":[{"href":"http:\/\/munipalencia.gob.gt\/index.php\/wp-json\/wp\/v2\/posts"}],"about":[{"href":"http:\/\/munipalencia.gob.gt\/index.php\/wp-json\/wp\/v2\/types\/post"}],"author":[{"embeddable":true,"href":"http:\/\/munipalencia.gob.gt\/index.php\/wp-json\/wp\/v2\/users\/4"}],"replies":[{"embeddable":true,"href":"http:\/\/munipalencia.gob.gt\/index.php\/wp-json\/wp\/v2\/comments?post=6456"}],"version-history":[{"count":1,"href":"http:\/\/munipalencia.gob.gt\/index.php\/wp-json\/wp\/v2\/posts\/6456\/revisions"}],"predecessor-version":[{"id":6458,"href":"http:\/\/munipalencia.gob.gt\/index.php\/wp-json\/wp\/v2\/posts\/6456\/revisions\/6458"}],"wp:featuredmedia":[{"embeddable":true,"href":"http:\/\/munipalencia.gob.gt\/index.php\/wp-json\/wp\/v2\/media\/6457"}],"wp:attachment":[{"href":"http:\/\/munipalencia.gob.gt\/index.php\/wp-json\/wp\/v2\/media?parent=6456"}],"wp:term":[{"taxonomy":"category","embeddable":true,"href":"http:\/\/munipalencia.gob.gt\/index.php\/wp-json\/wp\/v2\/categories?post=6456"},{"taxonomy":"post_tag","embeddable":true,"href":"http:\/\/munipalencia.gob.gt\/index.php\/wp-json\/wp\/v2\/tags?post=6456"}],"curies":[{"name":"wp","href":"https:\/\/api.w.org\/{rel}","templated":true}]}}