{"id":6489,"date":"2021-07-22T22:34:57","date_gmt":"2021-07-22T22:34:57","guid":{"rendered":"http:\/\/munipalencia.gob.gt\/?p=6489"},"modified":"2021-07-22T22:37:39","modified_gmt":"2021-07-22T22:37:39","slug":"pavimentacion-en-el-sector-el-filon-aldea-yerbabuena","status":"publish","type":"post","link":"http:\/\/munipalencia.gob.gt\/index.php\/2021\/07\/22\/pavimentacion-en-el-sector-el-filon-aldea-yerbabuena\/","title":{"rendered":"Pavimentaci\u00f3n en el Sector El Fil\u00f3n, Aldea Yerbabuena"},"content":{"rendered":"\t\t<div data-elementor-type=\"wp-post\" data-elementor-id=\"6489\" class=\"elementor elementor-6489\">\n\t\t\t\t\t\t<div class=\"elementor-inner\">\n\t\t\t\t<div class=\"elementor-section-wrap\">\n\t\t\t\t\t\t\t\t\t<section class=\"elementor-section elementor-top-section elementor-element elementor-element-2dba elementor-section-boxed elementor-section-height-default elementor-section-height-default\" data-id=\"2dba\" data-element_type=\"section\">\n\t\t\t\t\t\t<div class=\"elementor-container elementor-column-gap-default\">\n\t\t\t\t\t\t\t<div class=\"elementor-row\">\n\t\t\t\t\t<div class=\"elementor-column elementor-col-100 elementor-top-column elementor-element elementor-element-795d\" data-id=\"795d\" data-element_type=\"column\">\n\t\t\t<div class=\"elementor-column-wrap elementor-element-populated\">\n\t\t\t\t\t\t\t<div class=\"elementor-widget-wrap\">\n\t\t\t\t\t\t<div class=\"elementor-element elementor-element-365b elementor-widget elementor-widget-text-editor\" data-id=\"365b\" data-element_type=\"widget\" data-widget_type=\"text-editor.default\">\n\t\t\t\t<div class=\"elementor-widget-container\">\n\t\t\t\t\t\t\t\t<div class=\"elementor-text-editor elementor-clearfix\">\n\t\t\t\t<!-- wp:paragraph -->\n<p> Una nueva fase de pavimentaci\u00f3n se realiza en el Sector El Fil\u00f3n, Aldea Yerbabuena, parte alta de Palencia.\u00a0\ud83d\udee0\ufe0f\u00a0Proyecto que incluye la construcci\u00f3n de un muro de contenci\u00f3n y cuenta con la colaboraci\u00f3n de los vecinos, quienes se organizaron y brindan su apoyo para construir una mejor comunidad.<br><a href=\"https:\/\/es-la.facebook.com\/hashtag\/munipalencia?__eep__=6&amp;source=feed_text&amp;epa=HASHTAG&amp;__xts__%5B0%5D=68.ARDLoTM6hDYEBODHELEtYtK7voySOw9AzlM4oYcKi8DRgnLY-cK-zjLc-zWHwwvGcpRn_p6Ps-7IX7SPHIH62BXDqWTdb7XPL8mgC-UNCFRcWJVg_pS9r6L8y0XD2-ln2nn0snHfTs1jDFUeey0Iv_CXlLEoRlbee5MVeTU2OOHI707wvHVgtT86ygB0f3zd17irg6tVxxc9KbFgBafqy9FOLhrhnSZTnNLG7razKX5wKp6HyyW2gBCjp8SUJ6PcZtffJ58P-qTlUL6oyE5Q7eiyFKng4z9RWluFednzeNbtPffsnQIDPw&amp;__tn__=%2ANK-R\">#MuniPalencia<\/a>\u00a0<a href=\"https:\/\/es-la.facebook.com\/hashtag\/somosdesarrollo?__eep__=6&amp;source=feed_text&amp;epa=HASHTAG&amp;__xts__%5B0%5D=68.ARDLoTM6hDYEBODHELEtYtK7voySOw9AzlM4oYcKi8DRgnLY-cK-zjLc-zWHwwvGcpRn_p6Ps-7IX7SPHIH62BXDqWTdb7XPL8mgC-UNCFRcWJVg_pS9r6L8y0XD2-ln2nn0snHfTs1jDFUeey0Iv_CXlLEoRlbee5MVeTU2OOHI707wvHVgtT86ygB0f3zd17irg6tVxxc9KbFgBafqy9FOLhrhnSZTnNLG7razKX5wKp6HyyW2gBCjp8SUJ6PcZtffJ58P-qTlUL6oyE5Q7eiyFKng4z9RWluFednzeNbtPffsnQIDPw&amp;__tn__=%2ANK-R\">#SomosDesarrollo<\/a> <\/p>\n<!-- \/wp:paragraph -->\t\t\t\t\t<\/div>\n\t\t\t\t\t\t<\/div>\n\t\t\t\t<\/div>\n\t\t\t\t\t\t<\/div>\n\t\t\t\t\t<\/div>\n\t\t<\/div>\n\t\t\t\t\t\t\t\t<\/div>\n\t\t\t\t\t<\/div>\n\t\t<\/section>\n\t\t\t\t<section class=\"elementor-section elementor-top-section elementor-element elementor-element-9fb280d elementor-section-boxed elementor-section-height-default elementor-section-height-default\" data-id=\"9fb280d\" data-element_type=\"section\">\n\t\t\t\t\t\t<div class=\"elementor-container elementor-column-gap-default\">\n\t\t\t\t\t\t\t<div class=\"elementor-row\">\n\t\t\t\t\t<div class=\"elementor-column elementor-col-100 elementor-top-column elementor-element elementor-element-f465ce2\" data-id=\"f465ce2\" data-element_type=\"column\">\n\t\t\t<div class=\"elementor-column-wrap elementor-element-populated\">\n\t\t\t\t\t\t\t<div class=\"elementor-widget-wrap\">\n\t\t\t\t\t\t<div class=\"elementor-element elementor-element-482b724 elementor-arrows-position-inside elementor-widget elementor-widget-image-carousel\" data-id=\"482b724\" data-element_type=\"widget\" data-settings=\"{&quot;slides_to_show&quot;:&quot;1&quot;,&quot;navigation&quot;:&quot;arrows&quot;,&quot;autoplay&quot;:&quot;yes&quot;,&quot;pause_on_hover&quot;:&quot;yes&quot;,&quot;pause_on_interaction&quot;:&quot;yes&quot;,&quot;autoplay_speed&quot;:5000,&quot;infinite&quot;:&quot;yes&quot;,&quot;effect&quot;:&quot;slide&quot;,&quot;speed&quot;:500}\" data-widget_type=\"image-carousel.default\">\n\t\t\t\t<div class=\"elementor-widget-container\">\n\t\t\t\t\t<div class=\"elementor-image-carousel-wrapper swiper-container\" dir=\"ltr\">\n\t\t\t<div class=\"elementor-image-carousel swiper-wrapper\">\n\t\t\t\t\t\t\t\t<div class=\"swiper-slide\"><figure class=\"swiper-slide-inner\"><img class=\"swiper-slide-image\" src=\"http:\/\/munipalencia.gob.gt\/wp-content\/uploads\/2021\/07\/222640169_4061431407268726_7723253757579602575_n.jpg\" alt=\"Municipalidad de Palencia, municipalidad, muni palencia, Palencia, Beto Reyes, Guadalupe Reyes, Alberto Reyes\" \/><\/figure><\/div><div class=\"swiper-slide\"><figure class=\"swiper-slide-inner\"><img class=\"swiper-slide-image\" src=\"http:\/\/munipalencia.gob.gt\/wp-content\/uploads\/2021\/07\/221871777_4061431423935391_2240111117468315843_n.jpg\" alt=\"Municipalidad de Palencia, municipalidad, muni palencia, Palencia, Beto Reyes, Guadalupe Reyes, Alberto Reyes\" \/><\/figure><\/div><div class=\"swiper-slide\"><figure class=\"swiper-slide-inner\"><img class=\"swiper-slide-image\" src=\"http:\/\/munipalencia.gob.gt\/wp-content\/uploads\/2021\/07\/221827236_4061243057287561_7039438410962266839_n.jpg\" alt=\"Municipalidad de Palencia, municipalidad, muni palencia, Palencia, Beto Reyes, Guadalupe Reyes, Alberto Reyes\" \/><\/figure><\/div><div class=\"swiper-slide\"><figure class=\"swiper-slide-inner\"><img class=\"swiper-slide-image\" src=\"http:\/\/munipalencia.gob.gt\/wp-content\/uploads\/2021\/07\/222002245_4061243133954220_3223527810472989245_n.jpg\" alt=\"Municipalidad de Palencia, municipalidad, muni palencia, Palencia, Beto Reyes, Guadalupe Reyes, Alberto Reyes\" \/><\/figure><\/div>\t\t\t<\/div>\n\t\t\t\t\t\t\t\t\t\t\t\t\t\t\t\t<div class=\"elementor-swiper-button elementor-swiper-button-prev\">\n\t\t\t\t\t\t<i aria-hidden=\"true\" class=\"eicon-chevron-left\"><\/i>\t\t\t\t\t\t<span class=\"elementor-screen-only\">Previous<\/span>\n\t\t\t\t\t<\/div>\n\t\t\t\t\t<div class=\"elementor-swiper-button elementor-swiper-button-next\">\n\t\t\t\t\t\t<i aria-hidden=\"true\" class=\"eicon-chevron-right\"><\/i>\t\t\t\t\t\t<span class=\"elementor-screen-only\">Next<\/span>\n\t\t\t\t\t<\/div>\n\t\t\t\t\t\t\t\t\t<\/div>\n\t\t\t\t<\/div>\n\t\t\t\t<\/div>\n\t\t\t\t\t\t<\/div>\n\t\t\t\t\t<\/div>\n\t\t<\/div>\n\t\t\t\t\t\t\t\t<\/div>\n\t\t\t\t\t<\/div>\n\t\t<\/section>\n\t\t\t\t\t\t\t\t\t<\/div>\n\t\t\t<\/div>\n\t\t\t\t\t<\/div>\n\t\t ","protected":false},"excerpt":{"rendered":"<p>Una nueva fase de pavimentaci\u00f3n se realiza en el Sector El Fil\u00f3n, Aldea Yerbabuena, parte alta de Palencia.&nbsp;\ud83d\udee0\ufe0f&nbsp;Proyecto que incluye la construcci\u00f3n de un muro de contenci\u00f3n y cuenta con la colaboraci\u00f3n de los vecinos, quienes se organizaron y brindan su apoyo para construir una mejor comunidad.#MuniPalencia&nbsp;#SomosDesarrollo Previous Next<\/p>\n","protected":false},"author":4,"featured_media":6492,"comment_status":"closed","ping_status":"closed","sticky":false,"template":"","format":"standard","meta":[],"categories":[35,20],"tags":[],"_links":{"self":[{"href":"http:\/\/munipalencia.gob.gt\/index.php\/wp-json\/wp\/v2\/posts\/6489"}],"collection":[{"href":"http:\/\/munipalencia.gob.gt\/index.php\/wp-json\/wp\/v2\/posts"}],"about":[{"href":"http:\/\/munipalencia.gob.gt\/index.php\/wp-json\/wp\/v2\/types\/post"}],"author":[{"embeddable":true,"href":"http:\/\/munipalencia.gob.gt\/index.php\/wp-json\/wp\/v2\/users\/4"}],"replies":[{"embeddable":true,"href":"http:\/\/munipalencia.gob.gt\/index.php\/wp-json\/wp\/v2\/comments?post=6489"}],"version-history":[{"count":5,"href":"http:\/\/munipalencia.gob.gt\/index.php\/wp-json\/wp\/v2\/posts\/6489\/revisions"}],"predecessor-version":[{"id":6498,"href":"http:\/\/munipalencia.gob.gt\/index.php\/wp-json\/wp\/v2\/posts\/6489\/revisions\/6498"}],"wp:featuredmedia":[{"embeddable":true,"href":"http:\/\/munipalencia.gob.gt\/index.php\/wp-json\/wp\/v2\/media\/6492"}],"wp:attachment":[{"href":"http:\/\/munipalencia.gob.gt\/index.php\/wp-json\/wp\/v2\/media?parent=6489"}],"wp:term":[{"taxonomy":"category","embeddable":true,"href":"http:\/\/munipalencia.gob.gt\/index.php\/wp-json\/wp\/v2\/categories?post=6489"},{"taxonomy":"post_tag","embeddable":true,"href":"http:\/\/munipalencia.gob.gt\/index.php\/wp-json\/wp\/v2\/tags?post=6489"}],"curies":[{"name":"wp","href":"https:\/\/api.w.org\/{rel}","templated":true}]}}