{"id":7732,"date":"2021-09-16T15:42:34","date_gmt":"2021-09-16T15:42:34","guid":{"rendered":"http:\/\/munipalencia.gob.gt\/?p=7732"},"modified":"2021-09-16T15:46:07","modified_gmt":"2021-09-16T15:46:07","slug":"finaliza-un-periodo-de-la-historia","status":"publish","type":"post","link":"http:\/\/munipalencia.gob.gt\/index.php\/2021\/09\/16\/finaliza-un-periodo-de-la-historia\/","title":{"rendered":"Finaliza un periodo de la historia"},"content":{"rendered":"\t\t<div data-elementor-type=\"wp-post\" data-elementor-id=\"7732\" class=\"elementor elementor-7732\">\n\t\t\t\t\t\t<div class=\"elementor-inner\">\n\t\t\t\t<div class=\"elementor-section-wrap\">\n\t\t\t\t\t\t\t\t\t<section class=\"elementor-section elementor-top-section elementor-element elementor-element-4858 elementor-section-boxed elementor-section-height-default elementor-section-height-default\" data-id=\"4858\" data-element_type=\"section\">\n\t\t\t\t\t\t<div class=\"elementor-container elementor-column-gap-default\">\n\t\t\t\t\t\t\t<div class=\"elementor-row\">\n\t\t\t\t\t<div class=\"elementor-column elementor-col-100 elementor-top-column elementor-element elementor-element-6d33\" data-id=\"6d33\" data-element_type=\"column\">\n\t\t\t<div class=\"elementor-column-wrap elementor-element-populated\">\n\t\t\t\t\t\t\t<div class=\"elementor-widget-wrap\">\n\t\t\t\t\t\t<div class=\"elementor-element elementor-element-1e0d elementor-widget elementor-widget-text-editor\" data-id=\"1e0d\" data-element_type=\"widget\" data-widget_type=\"text-editor.default\">\n\t\t\t\t<div class=\"elementor-widget-container\">\n\t\t\t\t\t\t\t\t<div class=\"elementor-text-editor elementor-clearfix\">\n\t\t\t\t<!-- wp:paragraph -->\n<p> Con este acto finaliza un periodo de la historia, a partir de ma\u00f1ana continuemos trabajando juntos por un mejor pa\u00eds como hermanos guatemaltecos.<br>.<br>.<br>.<br>.<br>.<br><a href=\"https:\/\/es-la.facebook.com\/hashtag\/somosdesarrollo?__eep__=6&amp;source=feed_text&amp;epa=HASHTAG&amp;__xts__%5B0%5D=68.ARAePBgH5xXa6XVpsWmO7low4G2lglxIcRkaw6LTCZ9IBeGBJCvL2D9s-RMhjOt1QGonye7fTeYztUESK88MY_Ac6CAYVavD4FAap9gC_gf9XV5vGKRDHAZNDJgiZpNGli7DuG1FnxxklOvy5fxtJigMftGFGmkFdPVKWGSPkgUXiuxijbrNu8XrDr6MWwQbvU2H1S1pZ96Hyol6-apfs5tvQiFBmHVzILfLFMzlfJFPPLODMnGOjeOX1s3GyFf4EcanU9hm5lp-xts4lxGadWfQNSGBKAz-X8OoLjWu7Bav46sbqlzjCw&amp;__tn__=%2ANK-R\">#SomosDesarrollo<\/a><br><a href=\"https:\/\/es-la.facebook.com\/hashtag\/soydeguate?__eep__=6&amp;source=feed_text&amp;epa=HASHTAG&amp;__xts__%5B0%5D=68.ARAePBgH5xXa6XVpsWmO7low4G2lglxIcRkaw6LTCZ9IBeGBJCvL2D9s-RMhjOt1QGonye7fTeYztUESK88MY_Ac6CAYVavD4FAap9gC_gf9XV5vGKRDHAZNDJgiZpNGli7DuG1FnxxklOvy5fxtJigMftGFGmkFdPVKWGSPkgUXiuxijbrNu8XrDr6MWwQbvU2H1S1pZ96Hyol6-apfs5tvQiFBmHVzILfLFMzlfJFPPLODMnGOjeOX1s3GyFf4EcanU9hm5lp-xts4lxGadWfQNSGBKAz-X8OoLjWu7Bav46sbqlzjCw&amp;__tn__=%2ANK-R\">#SoyDeGuate<\/a>\u00a0<a href=\"https:\/\/es-la.facebook.com\/hashtag\/chap%C3%ADncalid%C3%A1?__eep__=6&amp;source=feed_text&amp;epa=HASHTAG&amp;__xts__%5B0%5D=68.ARAePBgH5xXa6XVpsWmO7low4G2lglxIcRkaw6LTCZ9IBeGBJCvL2D9s-RMhjOt1QGonye7fTeYztUESK88MY_Ac6CAYVavD4FAap9gC_gf9XV5vGKRDHAZNDJgiZpNGli7DuG1FnxxklOvy5fxtJigMftGFGmkFdPVKWGSPkgUXiuxijbrNu8XrDr6MWwQbvU2H1S1pZ96Hyol6-apfs5tvQiFBmHVzILfLFMzlfJFPPLODMnGOjeOX1s3GyFf4EcanU9hm5lp-xts4lxGadWfQNSGBKAz-X8OoLjWu7Bav46sbqlzjCw&amp;__tn__=%2ANK-R\">#Chap\u00ednCalid\u00e1<\/a>\u00a0<a href=\"https:\/\/es-la.facebook.com\/hashtag\/munipalencia?__eep__=6&amp;source=feed_text&amp;epa=HASHTAG&amp;__xts__%5B0%5D=68.ARAePBgH5xXa6XVpsWmO7low4G2lglxIcRkaw6LTCZ9IBeGBJCvL2D9s-RMhjOt1QGonye7fTeYztUESK88MY_Ac6CAYVavD4FAap9gC_gf9XV5vGKRDHAZNDJgiZpNGli7DuG1FnxxklOvy5fxtJigMftGFGmkFdPVKWGSPkgUXiuxijbrNu8XrDr6MWwQbvU2H1S1pZ96Hyol6-apfs5tvQiFBmHVzILfLFMzlfJFPPLODMnGOjeOX1s3GyFf4EcanU9hm5lp-xts4lxGadWfQNSGBKAz-X8OoLjWu7Bav46sbqlzjCw&amp;__tn__=%2ANK-R\">#MuniPalencia<\/a>\u00a0<a href=\"https:\/\/es-la.facebook.com\/hashtag\/independencia?__eep__=6&amp;source=feed_text&amp;epa=HASHTAG&amp;__xts__%5B0%5D=68.ARAePBgH5xXa6XVpsWmO7low4G2lglxIcRkaw6LTCZ9IBeGBJCvL2D9s-RMhjOt1QGonye7fTeYztUESK88MY_Ac6CAYVavD4FAap9gC_gf9XV5vGKRDHAZNDJgiZpNGli7DuG1FnxxklOvy5fxtJigMftGFGmkFdPVKWGSPkgUXiuxijbrNu8XrDr6MWwQbvU2H1S1pZ96Hyol6-apfs5tvQiFBmHVzILfLFMzlfJFPPLODMnGOjeOX1s3GyFf4EcanU9hm5lp-xts4lxGadWfQNSGBKAz-X8OoLjWu7Bav46sbqlzjCw&amp;__tn__=%2ANK-R\">#Independencia<\/a><br><a href=\"https:\/\/es-la.facebook.com\/hashtag\/somoschapines?__eep__=6&amp;source=feed_text&amp;epa=HASHTAG&amp;__xts__%5B0%5D=68.ARAePBgH5xXa6XVpsWmO7low4G2lglxIcRkaw6LTCZ9IBeGBJCvL2D9s-RMhjOt1QGonye7fTeYztUESK88MY_Ac6CAYVavD4FAap9gC_gf9XV5vGKRDHAZNDJgiZpNGli7DuG1FnxxklOvy5fxtJigMftGFGmkFdPVKWGSPkgUXiuxijbrNu8XrDr6MWwQbvU2H1S1pZ96Hyol6-apfs5tvQiFBmHVzILfLFMzlfJFPPLODMnGOjeOX1s3GyFf4EcanU9hm5lp-xts4lxGadWfQNSGBKAz-X8OoLjWu7Bav46sbqlzjCw&amp;__tn__=%2ANK-R\">#SomosChapines<\/a> <\/p>\n<!-- \/wp:paragraph -->\t\t\t\t\t<\/div>\n\t\t\t\t\t\t<\/div>\n\t\t\t\t<\/div>\n\t\t\t\t\t\t<\/div>\n\t\t\t\t\t<\/div>\n\t\t<\/div>\n\t\t\t\t\t\t\t\t<\/div>\n\t\t\t\t\t<\/div>\n\t\t<\/section>\n\t\t\t\t<section class=\"elementor-section elementor-top-section elementor-element elementor-element-52cfdd5 elementor-section-boxed elementor-section-height-default elementor-section-height-default\" data-id=\"52cfdd5\" data-element_type=\"section\">\n\t\t\t\t\t\t<div class=\"elementor-container elementor-column-gap-default\">\n\t\t\t\t\t\t\t<div class=\"elementor-row\">\n\t\t\t\t\t<div class=\"elementor-column elementor-col-100 elementor-top-column elementor-element elementor-element-86026ad\" data-id=\"86026ad\" data-element_type=\"column\">\n\t\t\t<div class=\"elementor-column-wrap elementor-element-populated\">\n\t\t\t\t\t\t\t<div class=\"elementor-widget-wrap\">\n\t\t\t\t\t\t<div class=\"elementor-element elementor-element-bb40c4d elementor-arrows-position-inside elementor-widget elementor-widget-image-carousel\" data-id=\"bb40c4d\" data-element_type=\"widget\" data-settings=\"{&quot;slides_to_show&quot;:&quot;1&quot;,&quot;navigation&quot;:&quot;arrows&quot;,&quot;autoplay&quot;:&quot;yes&quot;,&quot;pause_on_hover&quot;:&quot;yes&quot;,&quot;pause_on_interaction&quot;:&quot;yes&quot;,&quot;autoplay_speed&quot;:5000,&quot;infinite&quot;:&quot;yes&quot;,&quot;effect&quot;:&quot;slide&quot;,&quot;speed&quot;:500}\" data-widget_type=\"image-carousel.default\">\n\t\t\t\t<div class=\"elementor-widget-container\">\n\t\t\t\t\t<div class=\"elementor-image-carousel-wrapper swiper-container\" dir=\"ltr\">\n\t\t\t<div class=\"elementor-image-carousel swiper-wrapper\">\n\t\t\t\t\t\t\t\t<div class=\"swiper-slide\"><figure class=\"swiper-slide-inner\"><img class=\"swiper-slide-image\" src=\"http:\/\/munipalencia.gob.gt\/wp-content\/uploads\/2021\/09\/242114888_4228026117275920_2434999713189934815_n.jpg\" alt=\"Municipalidad de Palencia, municipalidad, muni palencia, Palencia, Beto Reyes, Guadalupe Reyes, Alberto Reyes\" \/><\/figure><\/div><div class=\"swiper-slide\"><figure class=\"swiper-slide-inner\"><img class=\"swiper-slide-image\" src=\"http:\/\/munipalencia.gob.gt\/wp-content\/uploads\/2021\/09\/242124932_4228026783942520_3514685055582943701_n.jpg\" alt=\"Municipalidad de Palencia, municipalidad, muni palencia, Palencia, Beto Reyes, Guadalupe Reyes, Alberto Reyes\" \/><\/figure><\/div><div class=\"swiper-slide\"><figure class=\"swiper-slide-inner\"><img class=\"swiper-slide-image\" src=\"http:\/\/munipalencia.gob.gt\/wp-content\/uploads\/2021\/09\/242158260_4228026820609183_7310935637283508118_n.jpg\" alt=\"Municipalidad de Palencia, municipalidad, muni palencia, Palencia, Beto Reyes, Guadalupe Reyes, Alberto Reyes\" \/><\/figure><\/div><div class=\"swiper-slide\"><figure class=\"swiper-slide-inner\"><img class=\"swiper-slide-image\" src=\"http:\/\/munipalencia.gob.gt\/wp-content\/uploads\/2021\/09\/241819013_4228027020609163_8967820087162117683_n.jpg\" alt=\"Municipalidad de Palencia, municipalidad, muni palencia, Palencia, Beto Reyes, Guadalupe Reyes, Alberto Reyes\" \/><\/figure><\/div><div class=\"swiper-slide\"><figure class=\"swiper-slide-inner\"><img class=\"swiper-slide-image\" src=\"http:\/\/munipalencia.gob.gt\/wp-content\/uploads\/2021\/09\/242121193_4228026813942517_5086327721826188471_n.jpg\" alt=\"Municipalidad de Palencia, municipalidad, muni palencia, Palencia, Beto Reyes, Guadalupe Reyes, Alberto Reyes\" \/><\/figure><\/div><div class=\"swiper-slide\"><figure class=\"swiper-slide-inner\"><img class=\"swiper-slide-image\" src=\"http:\/\/munipalencia.gob.gt\/wp-content\/uploads\/2021\/09\/242133396_4228029840608881_8796975228529698013_n.jpg\" alt=\"Municipalidad de Palencia, municipalidad, muni palencia, Palencia, Beto Reyes, Guadalupe Reyes, Alberto Reyes\" \/><\/figure><\/div>\t\t\t<\/div>\n\t\t\t\t\t\t\t\t\t\t\t\t\t\t\t\t<div class=\"elementor-swiper-button elementor-swiper-button-prev\">\n\t\t\t\t\t\t<i aria-hidden=\"true\" class=\"eicon-chevron-left\"><\/i>\t\t\t\t\t\t<span class=\"elementor-screen-only\">Previous<\/span>\n\t\t\t\t\t<\/div>\n\t\t\t\t\t<div class=\"elementor-swiper-button elementor-swiper-button-next\">\n\t\t\t\t\t\t<i aria-hidden=\"true\" class=\"eicon-chevron-right\"><\/i>\t\t\t\t\t\t<span class=\"elementor-screen-only\">Next<\/span>\n\t\t\t\t\t<\/div>\n\t\t\t\t\t\t\t\t\t<\/div>\n\t\t\t\t<\/div>\n\t\t\t\t<\/div>\n\t\t\t\t\t\t<\/div>\n\t\t\t\t\t<\/div>\n\t\t<\/div>\n\t\t\t\t\t\t\t\t<\/div>\n\t\t\t\t\t<\/div>\n\t\t<\/section>\n\t\t\t\t\t\t\t\t\t<\/div>\n\t\t\t<\/div>\n\t\t\t\t\t<\/div>\n\t\t ","protected":false},"excerpt":{"rendered":"<p>Con este acto finaliza un periodo de la historia, a partir de ma\u00f1ana continuemos trabajando juntos por un mejor pa\u00eds como hermanos guatemaltecos&#8230;&#8230;#SomosDesarrollo#SoyDeGuate&nbsp;#Chap\u00ednCalid\u00e1&nbsp;#MuniPalencia&nbsp;#Independencia#SomosChapines Previous Next<\/p>\n","protected":false},"author":4,"featured_media":7734,"comment_status":"closed","ping_status":"closed","sticky":false,"template":"","format":"standard","meta":[],"categories":[20],"tags":[],"_links":{"self":[{"href":"http:\/\/munipalencia.gob.gt\/index.php\/wp-json\/wp\/v2\/posts\/7732"}],"collection":[{"href":"http:\/\/munipalencia.gob.gt\/index.php\/wp-json\/wp\/v2\/posts"}],"about":[{"href":"http:\/\/munipalencia.gob.gt\/index.php\/wp-json\/wp\/v2\/types\/post"}],"author":[{"embeddable":true,"href":"http:\/\/munipalencia.gob.gt\/index.php\/wp-json\/wp\/v2\/users\/4"}],"replies":[{"embeddable":true,"href":"http:\/\/munipalencia.gob.gt\/index.php\/wp-json\/wp\/v2\/comments?post=7732"}],"version-history":[{"count":5,"href":"http:\/\/munipalencia.gob.gt\/index.php\/wp-json\/wp\/v2\/posts\/7732\/revisions"}],"predecessor-version":[{"id":7744,"href":"http:\/\/munipalencia.gob.gt\/index.php\/wp-json\/wp\/v2\/posts\/7732\/revisions\/7744"}],"wp:featuredmedia":[{"embeddable":true,"href":"http:\/\/munipalencia.gob.gt\/index.php\/wp-json\/wp\/v2\/media\/7734"}],"wp:attachment":[{"href":"http:\/\/munipalencia.gob.gt\/index.php\/wp-json\/wp\/v2\/media?parent=7732"}],"wp:term":[{"taxonomy":"category","embeddable":true,"href":"http:\/\/munipalencia.gob.gt\/index.php\/wp-json\/wp\/v2\/categories?post=7732"},{"taxonomy":"post_tag","embeddable":true,"href":"http:\/\/munipalencia.gob.gt\/index.php\/wp-json\/wp\/v2\/tags?post=7732"}],"curies":[{"name":"wp","href":"https:\/\/api.w.org\/{rel}","templated":true}]}}