{"id":7748,"date":"2021-09-16T17:56:15","date_gmt":"2021-09-16T17:56:15","guid":{"rendered":"http:\/\/munipalencia.gob.gt\/?p=7748"},"modified":"2021-09-16T17:58:39","modified_gmt":"2021-09-16T17:58:39","slug":"jornada-de-vacunacion-contra-el-covid19-en-aldea-el-fiscal","status":"publish","type":"post","link":"http:\/\/munipalencia.gob.gt\/index.php\/2021\/09\/16\/jornada-de-vacunacion-contra-el-covid19-en-aldea-el-fiscal\/","title":{"rendered":"Jornada de vacunaci\u00f3n contra el #COVID19 en Aldea El Fiscal"},"content":{"rendered":"\t\t<div data-elementor-type=\"wp-post\" data-elementor-id=\"7748\" class=\"elementor elementor-7748\">\n\t\t\t\t\t\t<div class=\"elementor-inner\">\n\t\t\t\t<div class=\"elementor-section-wrap\">\n\t\t\t\t\t\t\t\t\t<section class=\"elementor-section elementor-top-section elementor-element elementor-element-25a6 elementor-section-boxed elementor-section-height-default elementor-section-height-default\" data-id=\"25a6\" data-element_type=\"section\">\n\t\t\t\t\t\t<div class=\"elementor-container elementor-column-gap-default\">\n\t\t\t\t\t\t\t<div class=\"elementor-row\">\n\t\t\t\t\t<div class=\"elementor-column elementor-col-100 elementor-top-column elementor-element elementor-element-56da\" data-id=\"56da\" data-element_type=\"column\">\n\t\t\t<div class=\"elementor-column-wrap elementor-element-populated\">\n\t\t\t\t\t\t\t<div class=\"elementor-widget-wrap\">\n\t\t\t\t\t\t<div class=\"elementor-element elementor-element-6ad7 elementor-widget elementor-widget-text-editor\" data-id=\"6ad7\" data-element_type=\"widget\" data-widget_type=\"text-editor.default\">\n\t\t\t\t<div class=\"elementor-widget-container\">\n\t\t\t\t\t\t\t\t<div class=\"elementor-text-editor elementor-clearfix\">\n\t\t\t\t<!-- wp:paragraph -->\n<p>\ud83d\udc89\ud83d\udcaa&nbsp;Porque vacunados somos m\u00e1s fuertes, el d\u00eda de ayer mi\u00e9rcoles se llev\u00f3 a cabo una jornada de vacunaci\u00f3n contra el&nbsp;<a href=\"https:\/\/es-la.facebook.com\/hashtag\/covid19?__eep__=6&amp;source=feed_text&amp;epa=HASHTAG&amp;__xts__%5B0%5D=68.ARBmMuwrtjTx9fEWCXC8AMfDKeKmAJq7lq2IeVog2wgnWw6c9dBgeeF2aZUHDfjqv6903EAdDS0Ti_3MelG3C78usoOtbaxzpDSaQaWzZ-NiZMlljIz3InEFD29eIv_9L6nsAX_FNBY9ughEkPIjuy6Q_dCiO-PHHvQL1zgGkj1BaQSm2Gc87rb7ngn_-EI1W9y-rjGmvdWkrz-PTzXwKmgio5HEtb8XrGf7Q3VdOK0Gfg9cimI6yTxCrcmhO7kdR7hEnybgYNmMAfn96PLEveohGcUNTmUDcSWgIUUiyjR75ReDECBeBg&amp;__tn__=%2ANK-R\">#COVID19<\/a>&nbsp;en Aldea El Fiscal.&nbsp;\ud83d\ude4c&nbsp;Agradecemos a las 222 personas que asistieron.<\/p>\n<!-- \/wp:paragraph -->\n\n<!-- wp:paragraph -->\n<p>\ud83d\ude37\u27a1\ufe0f&nbsp;La actividad estuvo a cargo por el Ministerio de Salud con apoyo del Ej\u00e9rcito, Municipalidad de Palencia y Bomberos Municipales.<br>.<br>.<br>.<br>.<br><a href=\"https:\/\/es-la.facebook.com\/hashtag\/munipalencia?__eep__=6&amp;source=feed_text&amp;epa=HASHTAG&amp;__xts__%5B0%5D=68.ARBmMuwrtjTx9fEWCXC8AMfDKeKmAJq7lq2IeVog2wgnWw6c9dBgeeF2aZUHDfjqv6903EAdDS0Ti_3MelG3C78usoOtbaxzpDSaQaWzZ-NiZMlljIz3InEFD29eIv_9L6nsAX_FNBY9ughEkPIjuy6Q_dCiO-PHHvQL1zgGkj1BaQSm2Gc87rb7ngn_-EI1W9y-rjGmvdWkrz-PTzXwKmgio5HEtb8XrGf7Q3VdOK0Gfg9cimI6yTxCrcmhO7kdR7hEnybgYNmMAfn96PLEveohGcUNTmUDcSWgIUUiyjR75ReDECBeBg&amp;__tn__=%2ANK-R\">#MuniPalencia<\/a>&nbsp;<a href=\"https:\/\/es-la.facebook.com\/hashtag\/somosdesarrollo?__eep__=6&amp;source=feed_text&amp;epa=HASHTAG&amp;__xts__%5B0%5D=68.ARBmMuwrtjTx9fEWCXC8AMfDKeKmAJq7lq2IeVog2wgnWw6c9dBgeeF2aZUHDfjqv6903EAdDS0Ti_3MelG3C78usoOtbaxzpDSaQaWzZ-NiZMlljIz3InEFD29eIv_9L6nsAX_FNBY9ughEkPIjuy6Q_dCiO-PHHvQL1zgGkj1BaQSm2Gc87rb7ngn_-EI1W9y-rjGmvdWkrz-PTzXwKmgio5HEtb8XrGf7Q3VdOK0Gfg9cimI6yTxCrcmhO7kdR7hEnybgYNmMAfn96PLEveohGcUNTmUDcSWgIUUiyjR75ReDECBeBg&amp;__tn__=%2ANK-R\">#SomosDesarrollo<\/a>&nbsp;<a href=\"https:\/\/es-la.facebook.com\/hashtag\/coronavirus?__eep__=6&amp;source=feed_text&amp;epa=HASHTAG&amp;__xts__%5B0%5D=68.ARBmMuwrtjTx9fEWCXC8AMfDKeKmAJq7lq2IeVog2wgnWw6c9dBgeeF2aZUHDfjqv6903EAdDS0Ti_3MelG3C78usoOtbaxzpDSaQaWzZ-NiZMlljIz3InEFD29eIv_9L6nsAX_FNBY9ughEkPIjuy6Q_dCiO-PHHvQL1zgGkj1BaQSm2Gc87rb7ngn_-EI1W9y-rjGmvdWkrz-PTzXwKmgio5HEtb8XrGf7Q3VdOK0Gfg9cimI6yTxCrcmhO7kdR7hEnybgYNmMAfn96PLEveohGcUNTmUDcSWgIUUiyjR75ReDECBeBg&amp;__tn__=%2ANK-R\">#Coronavirus<\/a>&nbsp;<a href=\"https:\/\/es-la.facebook.com\/hashtag\/yomevacuno?__eep__=6&amp;source=feed_text&amp;epa=HASHTAG&amp;__xts__%5B0%5D=68.ARBmMuwrtjTx9fEWCXC8AMfDKeKmAJq7lq2IeVog2wgnWw6c9dBgeeF2aZUHDfjqv6903EAdDS0Ti_3MelG3C78usoOtbaxzpDSaQaWzZ-NiZMlljIz3InEFD29eIv_9L6nsAX_FNBY9ughEkPIjuy6Q_dCiO-PHHvQL1zgGkj1BaQSm2Gc87rb7ngn_-EI1W9y-rjGmvdWkrz-PTzXwKmgio5HEtb8XrGf7Q3VdOK0Gfg9cimI6yTxCrcmhO7kdR7hEnybgYNmMAfn96PLEveohGcUNTmUDcSWgIUUiyjR75ReDECBeBg&amp;__tn__=%2ANK-R\">#YoMeVacuno<\/a>&nbsp;<a href=\"https:\/\/es-la.facebook.com\/hashtag\/vac%C3%BAnate?__eep__=6&amp;source=feed_text&amp;epa=HASHTAG&amp;__xts__%5B0%5D=68.ARBmMuwrtjTx9fEWCXC8AMfDKeKmAJq7lq2IeVog2wgnWw6c9dBgeeF2aZUHDfjqv6903EAdDS0Ti_3MelG3C78usoOtbaxzpDSaQaWzZ-NiZMlljIz3InEFD29eIv_9L6nsAX_FNBY9ughEkPIjuy6Q_dCiO-PHHvQL1zgGkj1BaQSm2Gc87rb7ngn_-EI1W9y-rjGmvdWkrz-PTzXwKmgio5HEtb8XrGf7Q3VdOK0Gfg9cimI6yTxCrcmhO7kdR7hEnybgYNmMAfn96PLEveohGcUNTmUDcSWgIUUiyjR75ReDECBeBg&amp;__tn__=%2ANK-R\">#Vac\u00fanate<\/a>&nbsp;<a href=\"https:\/\/es-la.facebook.com\/hashtag\/juntoscontraelcovid19?__eep__=6&amp;source=feed_text&amp;epa=HASHTAG&amp;__xts__%5B0%5D=68.ARBmMuwrtjTx9fEWCXC8AMfDKeKmAJq7lq2IeVog2wgnWw6c9dBgeeF2aZUHDfjqv6903EAdDS0Ti_3MelG3C78usoOtbaxzpDSaQaWzZ-NiZMlljIz3InEFD29eIv_9L6nsAX_FNBY9ughEkPIjuy6Q_dCiO-PHHvQL1zgGkj1BaQSm2Gc87rb7ngn_-EI1W9y-rjGmvdWkrz-PTzXwKmgio5HEtb8XrGf7Q3VdOK0Gfg9cimI6yTxCrcmhO7kdR7hEnybgYNmMAfn96PLEveohGcUNTmUDcSWgIUUiyjR75ReDECBeBg&amp;__tn__=%2ANK-R\">#JuntosContraElCovid19<\/a><br><a href=\"https:\/\/es-la.facebook.com\/hashtag\/salud?__eep__=6&amp;source=feed_text&amp;epa=HASHTAG&amp;__xts__%5B0%5D=68.ARBmMuwrtjTx9fEWCXC8AMfDKeKmAJq7lq2IeVog2wgnWw6c9dBgeeF2aZUHDfjqv6903EAdDS0Ti_3MelG3C78usoOtbaxzpDSaQaWzZ-NiZMlljIz3InEFD29eIv_9L6nsAX_FNBY9ughEkPIjuy6Q_dCiO-PHHvQL1zgGkj1BaQSm2Gc87rb7ngn_-EI1W9y-rjGmvdWkrz-PTzXwKmgio5HEtb8XrGf7Q3VdOK0Gfg9cimI6yTxCrcmhO7kdR7hEnybgYNmMAfn96PLEveohGcUNTmUDcSWgIUUiyjR75ReDECBeBg&amp;__tn__=%2ANK-R\">#salud<\/a><\/p>\n<!-- \/wp:paragraph -->\t\t\t\t\t<\/div>\n\t\t\t\t\t\t<\/div>\n\t\t\t\t<\/div>\n\t\t\t\t\t\t<\/div>\n\t\t\t\t\t<\/div>\n\t\t<\/div>\n\t\t\t\t\t\t\t\t<\/div>\n\t\t\t\t\t<\/div>\n\t\t<\/section>\n\t\t\t\t<section class=\"elementor-section elementor-top-section elementor-element elementor-element-a4ec108 elementor-section-boxed elementor-section-height-default elementor-section-height-default\" data-id=\"a4ec108\" data-element_type=\"section\">\n\t\t\t\t\t\t<div class=\"elementor-container elementor-column-gap-default\">\n\t\t\t\t\t\t\t<div class=\"elementor-row\">\n\t\t\t\t\t<div class=\"elementor-column elementor-col-100 elementor-top-column elementor-element elementor-element-469c310\" data-id=\"469c310\" data-element_type=\"column\">\n\t\t\t<div class=\"elementor-column-wrap elementor-element-populated\">\n\t\t\t\t\t\t\t<div class=\"elementor-widget-wrap\">\n\t\t\t\t\t\t<div class=\"elementor-element elementor-element-5057fd6 elementor-arrows-position-inside elementor-widget elementor-widget-image-carousel\" data-id=\"5057fd6\" data-element_type=\"widget\" data-settings=\"{&quot;slides_to_show&quot;:&quot;1&quot;,&quot;navigation&quot;:&quot;arrows&quot;,&quot;autoplay&quot;:&quot;yes&quot;,&quot;pause_on_hover&quot;:&quot;yes&quot;,&quot;pause_on_interaction&quot;:&quot;yes&quot;,&quot;autoplay_speed&quot;:5000,&quot;infinite&quot;:&quot;yes&quot;,&quot;effect&quot;:&quot;slide&quot;,&quot;speed&quot;:500}\" data-widget_type=\"image-carousel.default\">\n\t\t\t\t<div class=\"elementor-widget-container\">\n\t\t\t\t\t<div class=\"elementor-image-carousel-wrapper swiper-container\" dir=\"ltr\">\n\t\t\t<div class=\"elementor-image-carousel swiper-wrapper\">\n\t\t\t\t\t\t\t\t<div class=\"swiper-slide\"><figure class=\"swiper-slide-inner\"><img class=\"swiper-slide-image\" src=\"http:\/\/munipalencia.gob.gt\/wp-content\/uploads\/2021\/09\/242169525_4229834090428456_3964306100055103617_n.jpg\" alt=\"Municipalidad de Palencia, municipalidad, muni palencia, Palencia, Beto Reyes, Guadalupe Reyes, Alberto Reyes\" \/><\/figure><\/div><div class=\"swiper-slide\"><figure class=\"swiper-slide-inner\"><img class=\"swiper-slide-image\" src=\"http:\/\/munipalencia.gob.gt\/wp-content\/uploads\/2021\/09\/242208628_4229835333761665_8027085571665085388_n.jpg\" alt=\"Municipalidad de Palencia, municipalidad, muni palencia, Palencia, Beto Reyes, Guadalupe Reyes, Alberto Reyes\" \/><\/figure><\/div><div class=\"swiper-slide\"><figure class=\"swiper-slide-inner\"><img class=\"swiper-slide-image\" src=\"http:\/\/munipalencia.gob.gt\/wp-content\/uploads\/2021\/09\/242144592_4229836610428204_6517402436556276025_n.jpg\" alt=\"Municipalidad de Palencia, municipalidad, muni palencia, Palencia, Beto Reyes, Guadalupe Reyes, Alberto Reyes\" \/><\/figure><\/div><div class=\"swiper-slide\"><figure class=\"swiper-slide-inner\"><img class=\"swiper-slide-image\" src=\"http:\/\/munipalencia.gob.gt\/wp-content\/uploads\/2021\/09\/242087197_4229834893761709_6708983013272657561_n.jpg\" alt=\"Municipalidad de Palencia, municipalidad, muni palencia, Palencia, Beto Reyes, Guadalupe Reyes, Alberto Reyes\" \/><\/figure><\/div><div class=\"swiper-slide\"><figure class=\"swiper-slide-inner\"><img class=\"swiper-slide-image\" src=\"http:\/\/munipalencia.gob.gt\/wp-content\/uploads\/2021\/09\/242163941_4229835773761621_2054217716281807903_n.jpg\" alt=\"Municipalidad de Palencia, municipalidad, muni palencia, Palencia, Beto Reyes, Guadalupe Reyes, Alberto Reyes\" \/><\/figure><\/div><div class=\"swiper-slide\"><figure class=\"swiper-slide-inner\"><img class=\"swiper-slide-image\" src=\"http:\/\/munipalencia.gob.gt\/wp-content\/uploads\/2021\/09\/242190485_4229835407094991_6562450070853020003_n.jpg\" alt=\"Municipalidad de Palencia, municipalidad, muni palencia, Palencia, Beto Reyes, Guadalupe Reyes, Alberto Reyes\" \/><\/figure><\/div><div class=\"swiper-slide\"><figure class=\"swiper-slide-inner\"><img class=\"swiper-slide-image\" src=\"http:\/\/munipalencia.gob.gt\/wp-content\/uploads\/2021\/09\/242163925_4229836587094873_1975555990122656806_n.jpg\" alt=\"Municipalidad de Palencia, municipalidad, muni palencia, Palencia, Beto Reyes, Guadalupe Reyes, Alberto Reyes\" \/><\/figure><\/div>\t\t\t<\/div>\n\t\t\t\t\t\t\t\t\t\t\t\t\t\t\t\t<div class=\"elementor-swiper-button elementor-swiper-button-prev\">\n\t\t\t\t\t\t<i aria-hidden=\"true\" class=\"eicon-chevron-left\"><\/i>\t\t\t\t\t\t<span class=\"elementor-screen-only\">Previous<\/span>\n\t\t\t\t\t<\/div>\n\t\t\t\t\t<div class=\"elementor-swiper-button elementor-swiper-button-next\">\n\t\t\t\t\t\t<i aria-hidden=\"true\" class=\"eicon-chevron-right\"><\/i>\t\t\t\t\t\t<span class=\"elementor-screen-only\">Next<\/span>\n\t\t\t\t\t<\/div>\n\t\t\t\t\t\t\t\t\t<\/div>\n\t\t\t\t<\/div>\n\t\t\t\t<\/div>\n\t\t\t\t\t\t<\/div>\n\t\t\t\t\t<\/div>\n\t\t<\/div>\n\t\t\t\t\t\t\t\t<\/div>\n\t\t\t\t\t<\/div>\n\t\t<\/section>\n\t\t\t\t\t\t\t\t\t<\/div>\n\t\t\t<\/div>\n\t\t\t\t\t<\/div>\n\t\t ","protected":false},"excerpt":{"rendered":"<p>\ud83d\udc89\ud83d\udcaa&nbsp;Porque vacunados somos m\u00e1s fuertes, el d\u00eda de ayer mi\u00e9rcoles se llev\u00f3 a cabo una jornada de vacunaci\u00f3n contra el&nbsp;#COVID19&nbsp;en Aldea El Fiscal.&nbsp;\ud83d\ude4c&nbsp;Agradecemos a las 222 personas que asistieron. \ud83d\ude37\u27a1\ufe0f&nbsp;La actividad estuvo a cargo por el Ministerio de Salud con apoyo del Ej\u00e9rcito, Municipalidad de Palencia y Bomberos Municipales&#8230;..#MuniPalencia&nbsp;#SomosDesarrollo&nbsp;#Coronavirus&nbsp;#YoMeVacuno&nbsp;#Vac\u00fanate&nbsp;#JuntosContraElCovid19#salud Previous Next<\/p>\n","protected":false},"author":4,"featured_media":7753,"comment_status":"closed","ping_status":"closed","sticky":false,"template":"","format":"standard","meta":[],"categories":[20],"tags":[],"_links":{"self":[{"href":"http:\/\/munipalencia.gob.gt\/index.php\/wp-json\/wp\/v2\/posts\/7748"}],"collection":[{"href":"http:\/\/munipalencia.gob.gt\/index.php\/wp-json\/wp\/v2\/posts"}],"about":[{"href":"http:\/\/munipalencia.gob.gt\/index.php\/wp-json\/wp\/v2\/types\/post"}],"author":[{"embeddable":true,"href":"http:\/\/munipalencia.gob.gt\/index.php\/wp-json\/wp\/v2\/users\/4"}],"replies":[{"embeddable":true,"href":"http:\/\/munipalencia.gob.gt\/index.php\/wp-json\/wp\/v2\/comments?post=7748"}],"version-history":[{"count":5,"href":"http:\/\/munipalencia.gob.gt\/index.php\/wp-json\/wp\/v2\/posts\/7748\/revisions"}],"predecessor-version":[{"id":7760,"href":"http:\/\/munipalencia.gob.gt\/index.php\/wp-json\/wp\/v2\/posts\/7748\/revisions\/7760"}],"wp:featuredmedia":[{"embeddable":true,"href":"http:\/\/munipalencia.gob.gt\/index.php\/wp-json\/wp\/v2\/media\/7753"}],"wp:attachment":[{"href":"http:\/\/munipalencia.gob.gt\/index.php\/wp-json\/wp\/v2\/media?parent=7748"}],"wp:term":[{"taxonomy":"category","embeddable":true,"href":"http:\/\/munipalencia.gob.gt\/index.php\/wp-json\/wp\/v2\/categories?post=7748"},{"taxonomy":"post_tag","embeddable":true,"href":"http:\/\/munipalencia.gob.gt\/index.php\/wp-json\/wp\/v2\/tags?post=7748"}],"curies":[{"name":"wp","href":"https:\/\/api.w.org\/{rel}","templated":true}]}}